[{"@context":"https:\/\/schema.org\/","@type":"Article","@id":"https:\/\/www.tvdv.cz\/slastna-postel\/#Article","mainEntityOfPage":"https:\/\/www.tvdv.cz\/slastna-postel\/","headline":"Slastn\u00e1 postel","name":"Slastn\u00e1 postel","description":"Ten p\u0159\u00edjemn\u00fd z\u00e1\u017eitek, kdy\u017e si lehneme a v\u00edme, \u017ee m\u00e1me chv\u00edli klid. Ten p\u0159\u00edjemn\u00fd pocit, kter\u00fd&#46;&#46;&#46;","datePublished":"2024-10-30","dateModified":"2024-10-30","author":{"@type":"Person","@id":"https:\/\/www.tvdv.cz\/author\/#Person","name":"","url":"https:\/\/www.tvdv.cz\/author\/","identifier":1,"image":{"@type":"ImageObject","@id":"https:\/\/secure.gravatar.com\/avatar\/c065076eb86551fdb70725c8063acf1b60a8edaed14ed654228c4cba13121c83?s=96&d=mm&r=g","url":"https:\/\/secure.gravatar.com\/avatar\/c065076eb86551fdb70725c8063acf1b60a8edaed14ed654228c4cba13121c83?s=96&d=mm&r=g","height":96,"width":96}},"publisher":{"@type":"Organization","name":"tvdv.cz","logo":{"@type":"ImageObject","@id":"\/logo.png","url":"\/logo.png","width":600,"height":60}},"url":"https:\/\/www.tvdv.cz\/slastna-postel\/","wordCount":278,"articleBody":"\tTen p\u0159\u00edjemn\u00fd z\u00e1\u017eitek, kdy\u017e si lehneme a v\u00edme, \u017ee m\u00e1me chv\u00edli klid. Ten p\u0159\u00edjemn\u00fd pocit, kter\u00fd pro\u017e\u00edv\u00e1me po t\u011b\u017ek\u00e9m nebo velice n\u00e1ro\u010dn\u00e9m dni, kdy si lehneme a v\u00edme, \u017ee u\u017e se nic d\u00edt nebude. Ta b\u00e1je\u010dn\u00e1 chv\u00edle, kterou za\u017e\u00edv\u00e1me, kdy\u017e se nat\u00e1hneme a svaly se n\u00e1m uvoln\u00ed a my v\u00edme, \u017ee u\u017e se nic d\u00edt nebude. Slastn\u00e1 postel, to je n\u011bco, co milujeme, kdy\u017e jsme utahan\u00ed, ale milujeme ji cel\u00fdm sv\u00fdm srdcem i norm\u00e1ln\u011b ka\u017ed\u00fd den, proto\u017ee se na ni v\u017edy t\u011b\u0161\u00edme. Na\u0161i radost n\u00e1m m\u016f\u017ee zkazit jenom n\u011bjak\u00fd \u0161patn\u00fd sen, ale z\u00a0toho se v\u017edy probud\u00edte.\tBarvy a vzoryV\u00a0dne\u0161n\u00ed dob\u011b je toho hodn\u011b na v\u00fdb\u011br, tak\u017ee i svou postel m\u016f\u017eete p\u0159izp\u016fsobit pokoji \u010di povle\u010den\u00ed. Povlaky na pol\u0161t\u00e1\u0159ky se prod\u00e1vaj\u00ed v\u00a0r\u016fzn\u00fdch barv\u00e1ch i vzorech, s\u00a0vysok\u00fdm vlascem nebo p\u0159\u00edjemn\u00fdm a hladk\u00fdm vzorem, kter\u00fd v\u00e1s pot\u011b\u0161\u00ed, kdy\u017e na n\u011bm budete us\u00ednat. N\u011bkdo m\u00e1 r\u00e1d vysoko pod hlavou, tak\u017ee zde je jasn\u00e1 volba, mus\u00edte m\u00edt n\u011bco pod hlavou nav\u00edc. Tak\u017ee proto se tak\u00e9 objedn\u00e1vaj\u00ed r\u016fzn\u00e9 men\u0161\u00ed materi\u00e1ly, do kter\u00fdch se v\u00e1m vleze pr\u00e1v\u011b men\u0161\u00ed pol\u0161t\u00e1\u0159, na kter\u00e9m budete sp\u00e1t. Barvy a vzory si vyberete podle vlastn\u00edho stylu, kter\u00fd se v\u00e1m bude l\u00edbit. V\u0161echno jde skombinovat.\u00a0                                                                                                                                                                                                                                                                                                                                                                                        4.7\/5 - (3 votes)        "},{"@context":"https:\/\/schema.org\/","@type":"BreadcrumbList","itemListElement":[{"@type":"ListItem","position":1,"name":"Slastn\u00e1 postel","item":"https:\/\/www.tvdv.cz\/slastna-postel\/#breadcrumbitem"}]}]