[{"@context":"https:\/\/schema.org\/","@type":"Article","@id":"https:\/\/www.tvdv.cz\/prava-laska-nemusi-byt-ta-prava\/#Article","mainEntityOfPage":"https:\/\/www.tvdv.cz\/prava-laska-nemusi-byt-ta-prava\/","headline":"Prav\u00e1 l\u00e1ska nemus\u00ed b\u00fdt ta prav\u00e1","name":"Prav\u00e1 l\u00e1ska nemus\u00ed b\u00fdt ta prav\u00e1","description":"V\u011b\u0159\u00edte v\u00a0pravou l\u00e1sku? V\u0161ichni to ur\u010dit\u011b nevid\u00edme stejn\u011b. Velk\u00e1 \u010d\u00e1st lid\u00ed si mysl\u00ed, \u017ee je to&#46;&#46;&#46;","datePublished":"2023-02-22","dateModified":"2023-04-25","author":{"@type":"Person","@id":"https:\/\/www.tvdv.cz\/author\/#Person","name":"","url":"https:\/\/www.tvdv.cz\/author\/","identifier":1,"image":{"@type":"ImageObject","@id":"https:\/\/secure.gravatar.com\/avatar\/c065076eb86551fdb70725c8063acf1b60a8edaed14ed654228c4cba13121c83?s=96&d=mm&r=g","url":"https:\/\/secure.gravatar.com\/avatar\/c065076eb86551fdb70725c8063acf1b60a8edaed14ed654228c4cba13121c83?s=96&d=mm&r=g","height":96,"width":96}},"publisher":{"@type":"Organization","name":"tvdv.cz","logo":{"@type":"ImageObject","@id":"\/logo.png","url":"\/logo.png","width":600,"height":60}},"image":{"@type":"ImageObject","@id":"https:\/\/www.tvdv.cz\/wp-content\/uploads\/girl-3194977_960_720.jpg","url":"https:\/\/www.tvdv.cz\/wp-content\/uploads\/girl-3194977_960_720.jpg","height":0,"width":0},"url":"https:\/\/www.tvdv.cz\/prava-laska-nemusi-byt-ta-prava\/","about":["L\u00e1ska"],"wordCount":443,"articleBody":"V\u011b\u0159\u00edte v\u00a0pravou l\u00e1sku? V\u0161ichni to ur\u010dit\u011b nevid\u00edme stejn\u011b. Velk\u00e1 \u010d\u00e1st lid\u00ed si mysl\u00ed, \u017ee je to blbost, aby na sebe na sv\u011bt\u011b \u010dekaly dv\u011b sp\u0159\u00edzn\u011bn\u00e9 du\u0161e, kter\u00e9 se v\u00a0n\u011bjak\u00e9m okam\u017eiku b\u011bhem sv\u00e9ho dlouh\u00e9ho \u017eivota poznaj\u00ed a str\u00e1v\u00ed spolu jeho zbytek. Kdy\u017e se nad t\u00edm ale zamysl\u00edme, zn\u00ed to opravdu kr\u00e1sn\u011b. Naj\u00edt si n\u011bkoho, s\u00a0k\u00fdm si budeme rozum\u011bt \u00fapln\u011b ve v\u0161em, budeme m\u00edt stejn\u00e9 n\u00e1zory, z\u00e1liby, stejn\u00fd humor a stejn\u00e1 obl\u00edben\u00e1 j\u00eddla \u010di hudbu. Zn\u00ed to kr\u00e1sn\u011b, ale v\u0161ichni v\u00edme, \u017ee pravd\u011bpodobnost, \u017ee n\u011bkoho takov\u00e9ho potk\u00e1me, je miziv\u00e1. M\u00edt kr\u00e1sn\u00fd vztah nen\u00ed o tom, jak jste stejn\u00ed a kolik v\u011bc\u00ed m\u00e1te spole\u010dn\u00fdch, ale o tom, jak toho druh\u00e9ho dok\u00e1\u017eete respektovat a jak moc jste schopn\u00ed d\u011blat kompromisy, abyste si navz\u00e1jem vy\u0161li vst\u0159\u00edc. Abychom m\u011bli plnohodnotn\u00fd vztah, je toho pot\u0159eba mnohem v\u00edce ne\u017e m\u00edt n\u011bco spole\u010dn\u00e9ho. M\u00edt spole\u010dn\u00e9 n\u011bjak\u00e9 v\u011bci samoz\u0159ejm\u011b na \u0161kodu nen\u00ed, ale nen\u00ed to podm\u00ednkou. D\u00e1 se to vymyslet v\u00a0obou p\u0159\u00edpadech. Na to si ale mus\u00edme p\u0159ij\u00edt v\u0161ichni svoji cestou. Ve chv\u00edli, kdy se rozhodnete j\u00edt s\u00a0n\u011bk\u00fdm do vztahu, m\u011bli byste se sna\u017eit tomu druh\u00e9mu l\u00e1sku op\u011btovat tak, jak ji on ukazuje V\u00e1m. M\u011bli bychom si toho druh\u00e9ho v\u00e1\u017eit, respektovat jeho n\u00e1zory a rozhodnut\u00ed, pe\u010dovat o n\u011bj, zkr\u00e1tka mu uk\u00e1zat jak moc jej milujeme.Nemus\u00edme ka\u017edou chv\u00edli kupovat drah\u00e9 d\u00e1rky, sta\u010d\u00ed naopak jen mali\u010dkosti. Sta\u010d\u00ed se zeptat, jak se ten druh\u00fd vyspal, p\u0159in\u00e9st bez po\u017e\u00e1d\u00e1n\u00ed sklenici vody, \u0159\u00edct, aby n\u00e1m napsal, \u017ee n\u011bkam dojel v\u00a0po\u0159\u00e1dku. Pop\u0159\u00e1t dobrou noc a p\u011bkn\u00e9 sny, d\u00e1t pusu, kdy\u017e projdeme kolem, zeptat se, jak\u00fd m\u011bl den. Jsou to drobnosti, kter\u00e9 n\u00e1m p\u0159ijdou mo\u017en\u00e1 i zbyte\u010dn\u00e9, ale na tom vztahu je to to nejkr\u00e1sn\u011bj\u0161\u00ed. T\u011bmto drobnostem bychom m\u011bli v\u011bnovat nejv\u00edce pozornosti a neopom\u00ednat je. Dok\u00e1\u017eou povzbudit a zlep\u0161it den v\u00edce, ne\u017e si mysl\u00edme. Nem\u016f\u017eeme \u010dekat, \u017ee n\u00e1m lid\u00e9 budou v\u011bci jen d\u00e1vat a my budeme br\u00e1t. Mus\u00ed to b\u00fdt vyv\u00e1\u017een\u00e9, pokud to m\u00e1 k\u00a0n\u011b\u010demu dosp\u011bt.                                                                                                                                                                                                                                                                                                                                                                                        4.2\/5 - (9 votes)        "},{"@context":"https:\/\/schema.org\/","@type":"BreadcrumbList","itemListElement":[{"@type":"ListItem","position":1,"name":"Prav\u00e1 l\u00e1ska nemus\u00ed b\u00fdt ta prav\u00e1","item":"https:\/\/www.tvdv.cz\/prava-laska-nemusi-byt-ta-prava\/#breadcrumbitem"}]}]