[{"@context":"https:\/\/schema.org\/","@type":"Article","@id":"https:\/\/www.tvdv.cz\/moje-zvirata\/#Article","mainEntityOfPage":"https:\/\/www.tvdv.cz\/moje-zvirata\/","headline":"Moje zv\u00ed\u0159ata","name":"Moje zv\u00ed\u0159ata","description":"Jsem takov\u00e1, \u017ee m\u00e1m r\u00e1da zv\u00ed\u0159ata. Nedok\u00e1\u017eu si p\u0159edstavit, \u017ee bych m\u011bla domov a nem\u011bla bych&#46;&#46;&#46;","datePublished":"2022-11-17","dateModified":"2023-04-25","author":{"@type":"Person","@id":"https:\/\/www.tvdv.cz\/author\/#Person","name":"","url":"https:\/\/www.tvdv.cz\/author\/","identifier":1,"image":{"@type":"ImageObject","@id":"https:\/\/secure.gravatar.com\/avatar\/c065076eb86551fdb70725c8063acf1b60a8edaed14ed654228c4cba13121c83?s=96&d=mm&r=g","url":"https:\/\/secure.gravatar.com\/avatar\/c065076eb86551fdb70725c8063acf1b60a8edaed14ed654228c4cba13121c83?s=96&d=mm&r=g","height":96,"width":96}},"publisher":{"@type":"Organization","name":"tvdv.cz","logo":{"@type":"ImageObject","@id":"\/logo.png","url":"\/logo.png","width":600,"height":60}},"image":{"@type":"ImageObject","@id":"https:\/\/www.tvdv.cz\/wp-content\/uploads\/goat-50290_960_720_1.jpg","url":"https:\/\/www.tvdv.cz\/wp-content\/uploads\/goat-50290_960_720_1.jpg","height":0,"width":0},"url":"https:\/\/www.tvdv.cz\/moje-zvirata\/","about":["Zv\u00ed\u0159ata"],"wordCount":436,"articleBody":"Jsem takov\u00e1, \u017ee m\u00e1m r\u00e1da zv\u00ed\u0159ata. Nedok\u00e1\u017eu si p\u0159edstavit, \u017ee bych m\u011bla domov a nem\u011bla bych tam ani jedno zv\u00ed\u0159e. I kdy\u017e nebydl\u00edme ve velk\u00e9m dom\u011b, tak jsem si do dome\u010dku po\u0159\u00eddila dv\u011b mal\u00e9 kozi\u010dky a jednu ove\u010dku. A taky m\u00e1m je\u0161t\u011b dva psy a k\u0159e\u010dka. Ani nev\u00edte, je ta to je z\u00e1bava a sranda, proto\u017ee opravdu mnoho lid\u00ed nev\u00ed, kdy\u017e to nem\u00e1 doma, \u017ee je to velik\u00e9\u00a0pot\u011b\u0161en\u00ed, ale tak\u00e9 jist\u011b starost. Proto jsem si n\u011bkdy \u0159\u00edkala, jestli jsem to s t\u00edm mi zv\u00ed\u0159aty p\u0159ehnala, proto\u017ee mi na n\u011b nezb\u00fdv\u00e1 u\u017e moc \u010dasu, jako jsem m\u00edvala kdysi. To, proto\u017ee se mi narodilo mal\u00e9 d\u00edt\u011b.Ale rozhodn\u011b nepat\u0159\u00edm k t\u011bm lidem, kte\u0159\u00ed by se sv\u00e9ho zv\u00ed\u0159ete vzdali jenom kv\u016fli tomu, \u017ee maj\u00ed d\u00edt\u011b. A tohle tedy u m\u011b rozhodn\u011b nehroz\u00ed, v\u0161echna zv\u00ed\u0159ata jsem si nechala a u\u010d\u00edm to i sv\u00e9ho syna, aby zv\u00ed\u0159\u00e1tka miloval stejn\u011b tak jako j\u00e1. A jsem r\u00e1da, \u017ee m\u016fj syn m\u00e1 r\u00e1d tak\u00e9 zv\u00ed\u0159ata. Proto\u017ee kdy\u017e to tak vezmu, kdo nem\u00e1 r\u00e1d zv\u00ed\u0159ata, tak tak\u00e9 samoz\u0159ejm\u011b nem\u00e1 r\u00e1d lidi. Bav\u00ed m\u011b, kdy si t\u0159eba m\u016f\u017eu se sv\u00fdmi zv\u00ed\u0159aty hr\u00e1t. \u017de m\u011b to v\u017edycky \u00fapln\u011b uklidni a podle m\u00e9ho n\u00e1zoru dotek zv\u00ed\u0159ete m\u011b opravdu dok\u00e1\u017ee uklidnit a m\u00e1 to tak\u00e9 relaxa\u010dn\u00ed \u00fa\u010dinky. Tohle jsem tak\u00e9 sly\u0161ela, proto tak\u00e9 existuj\u00ed canisterapie anebo hipoterapie.Je to l\u00e9\u010dba ko\u0148mi a psi. M\u011b tohle opravdu hodn\u011b bav\u00ed a jednou jsem zkou\u0161ela tak\u00e9 hipoterapii na vlastn\u00ed k\u016f\u017ei a mus\u00edm uznat, \u017ee je to velice p\u0159\u00edjemn\u00e9. \u00dapln\u011b se v\u00e1m p\u0159i hipoterapii uvoln\u00ed svaly a vy mysl\u00edte jenom na tepl\u00e1 z\u00e1da ko\u0148sk\u00e9ho h\u0159betu. Bav\u00ed m\u011b to a mysl\u00edm si, \u017ee je opravdu hodn\u011b lid\u00ed, kte\u0159\u00ed pot\u0159ebuj\u00ed terapii zv\u00ed\u0159aty, proto\u017ee se jim to vyplat\u00ed a budou v\u00edce klidn\u011bj\u0161\u00ed a pom\u016f\u017ee jim to t\u0159eba p\u0159i jejich posti\u017een\u00ed. A\u00a0v\u011b\u0159te, \u017ee pokud i vy byste cht\u011bli n\u011bjakou p\u00e9\u010di\u00a0zv\u00ed\u0159etem, tak m\u016f\u017eete. Tak\u00e9 zv\u00ed\u0159e, kter\u00e9 je na to cvi\u010den\u00e9, tak je drah\u00e9, nebo\u0165 jeho v\u00fdcvik trv\u00e1\u00a0klidn\u011b\u00a0i p\u011bt let, aby bylo zv\u00ed\u0159e\u00a0skv\u011ble\u00a0nau\u010den\u00e9, aby\u00a0sneslo\u00a0na sob\u011b kontakt ciz\u00edch lid\u00ed.                                                                                                                                                                                                                                                                                                                                                                                        4.3\/5 - (10 votes)        "},{"@context":"https:\/\/schema.org\/","@type":"BreadcrumbList","itemListElement":[{"@type":"ListItem","position":1,"name":"Moje zv\u00ed\u0159ata","item":"https:\/\/www.tvdv.cz\/moje-zvirata\/#breadcrumbitem"}]}]