[{"@context":"https:\/\/schema.org\/","@type":"Article","@id":"https:\/\/www.tvdv.cz\/kultura-pro-deti\/#Article","mainEntityOfPage":"https:\/\/www.tvdv.cz\/kultura-pro-deti\/","headline":"Kultura pro d\u011bti","name":"Kultura pro d\u011bti","description":"Je jasn\u00e9, \u017ee i mal\u00e9 d\u011bti by cht\u011bly m\u00edt n\u011bjak\u00e9 kr\u00e1sn\u00e9 p\u0159edstaven\u00ed, aby zahnaly nudu. A&#46;&#46;&#46;","datePublished":"2023-03-27","dateModified":"2023-04-27","author":{"@type":"Person","@id":"https:\/\/www.tvdv.cz\/author\/#Person","name":"","url":"https:\/\/www.tvdv.cz\/author\/","identifier":1,"image":{"@type":"ImageObject","@id":"https:\/\/secure.gravatar.com\/avatar\/c065076eb86551fdb70725c8063acf1b60a8edaed14ed654228c4cba13121c83?s=96&d=mm&r=g","url":"https:\/\/secure.gravatar.com\/avatar\/c065076eb86551fdb70725c8063acf1b60a8edaed14ed654228c4cba13121c83?s=96&d=mm&r=g","height":96,"width":96}},"publisher":{"@type":"Organization","name":"tvdv.cz","logo":{"@type":"ImageObject","@id":"\/logo.png","url":"\/logo.png","width":600,"height":60}},"image":{"@type":"ImageObject","@id":"https:\/\/www.tvdv.cz\/wp-content\/uploads\/kindergarten-2204239_960_720_2.jpg","url":"https:\/\/www.tvdv.cz\/wp-content\/uploads\/kindergarten-2204239_960_720_2.jpg","height":0,"width":0},"url":"https:\/\/www.tvdv.cz\/kultura-pro-deti\/","about":["Spole\u010dnosti"],"wordCount":437,"articleBody":"      Je jasn\u00e9, \u017ee i mal\u00e9 d\u011bti by cht\u011bly m\u00edt n\u011bjak\u00e9 kr\u00e1sn\u00e9 p\u0159edstaven\u00ed, aby zahnaly nudu. A mn\u011b se nap\u0159\u00edklad l\u00edb\u00ed opravdu kr\u00e1sn\u00e9 hudebn\u00ed p\u0159edstaven\u00ed a koncertn\u00ed programy, co m\u016f\u017eete naj\u00edt na webov\u00e9 str\u00e1nce bubblemusic.cz. A \u0159\u00edk\u00e1 se, \u017ee hudba je takov\u00e1 malba, na kterou se \u010dlov\u011bk d\u00edv\u00e1 u\u0161ima. Zn\u00e1te toto \u00faslov\u00ed? Mysl\u00edte si \u017ee tohle pravda? Pokud ano, tak v\u00edtejte na t\u00e9to webov\u00e9 str\u00e1nce. Tady se dozv\u00edte opravdu spoustu informac\u00ed a tak\u00e9 zjist\u00edte opravdu hodn\u011b v\u011bc\u00ed, kter\u00e9 byste cht\u011bli v\u011bd\u011bt, ne\u017e d\u00e1te d\u011bti do n\u011bjak\u00e9ho hudebn\u00edho koncertu nebo dokonce hudebn\u00ed \u0161koly. Mn\u011b se tohle opravdu hodn\u011b l\u00edb\u00ed.A opravdu jsem ne\u0161\u0165astn\u00e1 a tak\u00e9 m\u011b mrz\u00ed, \u017ee kdy\u017e jsem byla mal\u00e9 d\u00edt\u011b, tak na\u0161i rodi\u010de s n\u00e1mi nechodili v\u016fbec do \u017e\u00e1dn\u00e9ho p\u0159edstaven\u00ed ani taky do divadla ne. A v\u016fbec jsme nem\u011bli \u017e\u00e1dn\u00e9 kulturn\u00ed vzd\u011bl\u00e1n\u00ed. My jsme vlastn\u011b kulturn\u00ed vzd\u011bl\u00e1n\u00ed m\u011bli jenom tehdy, kdy\u017e jsme \u0161li se z\u00e1kladn\u00ed \u0161kolou t\u0159eba do kina anebo do divadla. Nebo na n\u011bjak\u00e9 jin\u00e9 p\u0159edstaven\u00ed, tak\u017ee jsem akor\u00e1t ka\u017ed\u00fd rok se \u0161kolou byla tam, kam n\u00e1s rodi\u010de v\u016fbec nebrali. A proto, kdy\u017e u\u017e m\u00e1m nyn\u00ed d\u00edt\u011b, tak s n\u00edm chod\u00edm moc r\u00e1da za kulturou. A to p\u0159edev\u0161\u00edm do divadla Art, kter\u00e9 se mi opravdu hodn\u011b l\u00edb\u00ed. A tohle divadlo je z Olomouce. Pokud i v\u00e1s zaj\u00edm\u00e1 v\u00edce informac\u00ed o tomto divadlu, tak nav\u0161tivte zm\u00edn\u011bn\u00e9 webov\u00e9 str\u00e1nky. Je to p\u011bkn\u00e9 a modern\u00ed p\u0159edstaven\u00ed, kter\u00e9 se bude l\u00edbit nejenom mal\u00fdm poslucha\u010d\u016fm, ale tak\u00e9 dosp\u011bl\u00fdm. Je to v\u00e1\u017en\u011b kr\u00e1sn\u00e9 \u0161koln\u00ed p\u0159edstaven\u00ed, kter\u00e9 m\u016f\u017ee b\u00fdt i ve \u0161kolce. Mn\u011b se tohle l\u00edb\u00ed a jsem r\u00e1da, \u017ee tohle v\u016fbec existuje, proto\u017ee alespo\u0148 mal\u00e9 d\u011bti m\u016f\u017eou m\u00edt tak\u00e9 kulturn\u00ed vzd\u011bl\u00e1n\u00ed. V\u00edm, \u017ee \u0161koln\u00ed p\u0159edstaven\u00ed se bude l\u00edbit v\u0161em. A co si mysl\u00edte v\u016fbec vy o \u0161koln\u00edm p\u0159edstaven\u00ed Bubblemusic? Podle m\u011b je to velmi d\u016fle\u017eit\u00e9. Proto\u017ee i mal\u00e9 d\u011bti si u\u017e d\u011blaj\u00ed r\u016fzn\u00e9 sv\u00e9 vlastn\u00ed \u00fasudky o \u017eivot\u011b a tak\u00e9 kultu\u0159e, tak\u017ee by d\u011btem nem\u011blo b\u00fdt odp\u00edr\u00e1no ani bohatstv\u00ed kultury a tak podobn\u011b.                                                                                                                                                                                                                                                                                                                                                                                           5\/5 - (1 vote)        "},{"@context":"https:\/\/schema.org\/","@type":"BreadcrumbList","itemListElement":[{"@type":"ListItem","position":1,"name":"Kultura pro d\u011bti","item":"https:\/\/www.tvdv.cz\/kultura-pro-deti\/#breadcrumbitem"}]}]