[{"@context":"https:\/\/schema.org\/","@type":"Article","@id":"https:\/\/www.tvdv.cz\/dovolena-s-rodici-v-dospelem-veku\/#Article","mainEntityOfPage":"https:\/\/www.tvdv.cz\/dovolena-s-rodici-v-dospelem-veku\/","headline":"Dovolen\u00e1 s rodi\u010di v dosp\u011bl\u00e9m v\u011bku","name":"Dovolen\u00e1 s rodi\u010di v dosp\u011bl\u00e9m v\u011bku","description":"Je spousta lid\u00ed, kter\u00e9 by zaj\u00edmalo, jak\u00e9 to je jet s rodi\u010di v dosp\u011bl\u00e9m v\u011bku na&#46;&#46;&#46;","datePublished":"2023-02-28","dateModified":"2023-09-07","author":{"@type":"Person","@id":"https:\/\/www.tvdv.cz\/author\/#Person","name":"","url":"https:\/\/www.tvdv.cz\/author\/","identifier":1,"image":{"@type":"ImageObject","@id":"https:\/\/secure.gravatar.com\/avatar\/c065076eb86551fdb70725c8063acf1b60a8edaed14ed654228c4cba13121c83?s=96&d=mm&r=g","url":"https:\/\/secure.gravatar.com\/avatar\/c065076eb86551fdb70725c8063acf1b60a8edaed14ed654228c4cba13121c83?s=96&d=mm&r=g","height":96,"width":96}},"publisher":{"@type":"Organization","name":"tvdv.cz","logo":{"@type":"ImageObject","@id":"\/logo.png","url":"\/logo.png","width":600,"height":60}},"image":{"@type":"ImageObject","@id":"https:\/\/www.tvdv.cz\/wp-content\/uploads\/dovol_4.JPG","url":"https:\/\/www.tvdv.cz\/wp-content\/uploads\/dovol_4.JPG","height":0,"width":0},"url":"https:\/\/www.tvdv.cz\/dovolena-s-rodici-v-dospelem-veku\/","about":["Dovolen\u00e1"],"wordCount":436,"articleBody":"Je spousta lid\u00ed, kter\u00e9 by zaj\u00edmalo, jak\u00e9 to je jet s rodi\u010di v dosp\u011bl\u00e9m v\u011bku na dovolenou. Ka\u017ed\u00fd z n\u00e1s si jist\u011b pamatuje dobu, kdy jsme jezd\u00edvali s na\u0161imi rodi\u010di na dovolenou a v\u017edy to pro n\u00e1s byl \u00fa\u017easn\u00fd z\u00e1\u017eitek, proto\u017ee jsme d\u00edky tomu objevili zase n\u011bjak\u00e9 nov\u00e9 m\u00edsto, kter\u00e9 st\u00e1lo za to.\u00a0Pro mnoh\u00e9 z\u016fst\u00e1v\u00e1 ot\u00e1zkou, jak\u00e1 by asi byla dovolen\u00e1 s rodi\u010di v dosp\u011bl\u00e9m v\u011bku? Jsou lid\u00e9, kte\u0159\u00ed se rozhodnou to zjistit a jsou ochotni jet se sv\u00fdmi rodi\u010di na dovolenou, aby zjistili \u010d\u00edm a jak se dan\u00e1 dovolen\u00e1 bude li\u0161it. Jsou i tac\u00ed, kter\u00e9 by to sice zaj\u00edmalo, ale nikam se sv\u00fdmi rodi\u010di nevycestuj\u00ed.Jestli\u017ee se rozhodnete vydat na dovolenou s va\u0161imi rodi\u010di, m\u011bli byste si dostate\u010dn\u011b dob\u0159e promyslet, kam se spole\u010dn\u011b vyd\u00e1te. Nejlep\u0161\u00ed by bylo, pokud byste se o n\u011b\u010dem takov\u00e9m poradili s va\u0161imi rodi\u010di, aby se n\u00e1hodou nestalo, \u017ee byste vybrali n\u011bco, co by se jim nel\u00edbilo. N\u011bco takov\u00e9ho by klidn\u011b mohlo zkazit za\u010d\u00e1tek dovolen\u00e9.Jsou lid\u00e9, pro kter\u00e9 je d\u016fle\u017eit\u00e9, aby byli ubytov\u00e1ni alespo\u0148 ve \u010dty\u0159hv\u011bzdi\u010dkov\u00e9m hotelu a pokud n\u011bco takov\u00e9ho na dan\u00e9m m\u00edst\u011b nenajdou, rad\u011bji se pod\u00edvaj\u00ed po n\u011b\u010dem jin\u00e9m.Je mo\u017en\u00e9, \u017ee rodi\u010d\u016fm by bylo jedno, jestli budou ubytovan\u00ed ve \u010dty\u0159hv\u011bzdi\u010dkov\u00e9m hotelu nebo v jak\u00e9mkoliv jin\u00e9m hotelu, ale je pro n\u011b d\u016fle\u017eit\u00e9, aby na n\u011b dan\u00e9 m\u00edsto p\u016fsobilo dob\u0159e, a to proto, aby dok\u00e1zali vypnout a odpo\u010dinout si.\u00a0Jsou lid\u00e9, kte\u0159\u00ed to maj\u00ed tak, \u017ee pokud maj\u00ed tr\u00e1vit \u010das n\u011bkde, kde se jim to nel\u00edb\u00ed, maj\u00ed s t\u00edm velk\u00fd probl\u00e9m. Mohou b\u00fdt s celou \u0159adou v\u011bc\u00ed nespokojeni a je jasn\u00e9, \u017ee takov\u00fd \u010dlov\u011bk nebude p\u0159\u00edli\u0161 nad\u0161en\u00fd z dovolen\u00e9, na kterou se rozhodl jet.Abyste v\u0161emu p\u0159ede\u0161li, je dobr\u00e9 se domluvit a to nejen na m\u00edst\u011b, kam spole\u010dn\u011b pojedete, ale tak\u00e9 na m\u00edst\u011b, kde budete po dobu dovolen\u00e9 ubytovan\u00ed.\u00a0Klidn\u011b m\u016f\u017eete zjistit, \u017ee dovolen\u00e1 s rodi\u010di v dosp\u011bl\u00e9m v\u011bku nen\u00ed tak hrozn\u00e1 a rozhodnete se jet p\u0159\u00ed\u0161t\u00ed rok znovu. Jeden nikdy nev\u00ed, kdy zjist\u00ed, \u017ee n\u011bco nen\u00ed a\u017e tak \u0161patn\u00e9, jak by \u010dlov\u011bk \u010dekal.                                                                                                                                                                                                                                                                                                                                                                                        4.1\/5 - (10 votes)        "},{"@context":"https:\/\/schema.org\/","@type":"BreadcrumbList","itemListElement":[{"@type":"ListItem","position":1,"name":"Dovolen\u00e1 s rodi\u010di v dosp\u011bl\u00e9m v\u011bku","item":"https:\/\/www.tvdv.cz\/dovolena-s-rodici-v-dospelem-veku\/#breadcrumbitem"}]}]