[{"@context":"https:\/\/schema.org\/","@type":"Article","@id":"https:\/\/www.tvdv.cz\/cateringova-firma-vam-poslouzi-i-pri-soukrome-oslave-v-prirode\/#Article","mainEntityOfPage":"https:\/\/www.tvdv.cz\/cateringova-firma-vam-poslouzi-i-pri-soukrome-oslave-v-prirode\/","headline":"Cateringov\u00e1 firma v\u00e1m poslou\u017e\u00ed i p\u0159i soukrom\u00e9 oslav\u011b v p\u0159\u00edrod\u011b","name":"Cateringov\u00e1 firma v\u00e1m poslou\u017e\u00ed i p\u0159i soukrom\u00e9 oslav\u011b v p\u0159\u00edrod\u011b","description":"Oslavy promoc\u00ed nebo zakon\u010den\u00ed st\u0159edo\u0161kolsk\u00e9ho studia maturitn\u00ed zkou\u0161kou mohou m\u00edt mnoho podob. Zpravidla se jedn\u00e1 o&#46;&#46;&#46;","datePublished":"2023-12-31","dateModified":"2024-02-07","author":{"@type":"Person","@id":"https:\/\/www.tvdv.cz\/author\/#Person","name":"","url":"https:\/\/www.tvdv.cz\/author\/","identifier":1,"image":{"@type":"ImageObject","@id":"https:\/\/secure.gravatar.com\/avatar\/c065076eb86551fdb70725c8063acf1b60a8edaed14ed654228c4cba13121c83?s=96&d=mm&r=g","url":"https:\/\/secure.gravatar.com\/avatar\/c065076eb86551fdb70725c8063acf1b60a8edaed14ed654228c4cba13121c83?s=96&d=mm&r=g","height":96,"width":96}},"publisher":{"@type":"Organization","name":"tvdv.cz","logo":{"@type":"ImageObject","@id":"\/logo.png","url":"\/logo.png","width":600,"height":60}},"image":{"@type":"ImageObject","@id":"https:\/\/www.tvdv.cz\/wp-content\/uploads\/eating-601578_640.jpg","url":"https:\/\/www.tvdv.cz\/wp-content\/uploads\/eating-601578_640.jpg","height":0,"width":0},"url":"https:\/\/www.tvdv.cz\/cateringova-firma-vam-poslouzi-i-pri-soukrome-oslave-v-prirode\/","about":["N\u00e1kupy"],"wordCount":411,"articleBody":"       Oslavy promoc\u00ed nebo zakon\u010den\u00ed st\u0159edo\u0161kolsk\u00e9ho studia maturitn\u00ed zkou\u0161kou mohou m\u00edt mnoho podob. Zpravidla se jedn\u00e1 o p\u0159izv\u00e1n\u00ed n\u011bkolika host\u016f z rodinn\u00e9ho kruhu a z p\u0159\u00edbuzenstva, s nimi\u017e slav\u00edte v m\u00edst\u011b bydli\u0161t\u011b, uvnit\u0159 domu, p\u0159\u00edpadn\u011b na zahrad\u011b. Jedn\u00e1 se o tepl\u00e9 obdob\u00ed roku, a tak lze na zahrad\u011b vzty\u010dit i p\u00e1rty stan a m\u00edt tu pod jeho st\u0159\u00ed\u0161kou nachystan\u00e9 ob\u010derstven\u00ed. Jen\u017ee \u017eivot n\u00e1m n\u011bkdy p\u0159in\u00e1\u0161\u00ed i neo\u010dek\u00e1van\u00e1 p\u0159ekvapen\u00ed a n\u00e1pady, a jedn\u00edm z nich se m\u016f\u017ee st\u00e1t i zaji\u0161t\u011bn\u00ed oslavy v m\u00edstech, kde to nikdo z va\u0161ich bl\u00edzk\u00fdch nebude o\u010dek\u00e1vat.Uspo\u0159\u00e1dejte soukromou oslavu v hor\u00e1chV\u00edte, co b\u00fdv\u00e1 \u00faskal\u00edm r\u016fzn\u00fdch oslav? V prvn\u00ed \u0159ad\u011b uzav\u0159en\u00ed pozvan\u00fdch host\u016f do vymezen\u00e9ho prostoru, nej\u010dast\u011bji velk\u00e9 m\u00edstnosti. Jste tu nat\u011bsn\u00e1ni, blokuje se tu energie a po chv\u00edli si tu m\u016f\u017eete p\u0159ipadat st\u00edsn\u011bn\u011b. Zahradn\u00ed oslavy jsou na tom p\u0159ece jen l\u00e9pe, ale i tak m\u00edv\u00e1 zahrada sv\u00e9 omezen\u00e9 prostorov\u00e9 mo\u017enosti.Co bychom v\u00e1m te\u010f r\u00e1di navrhli jako n\u011bco mimo\u0159\u00e1dn\u00e9ho, ale p\u0159itom velmi \u00fa\u010dinn\u00e9ho, je oslava v horsk\u00e9 chat\u011b. Vyplat\u00ed se ji pronajmout t\u0159eba na cel\u00fd v\u00edkend, aby va\u0161i host\u00e9 m\u011bli oslavu spojenou s turistikou \u010di cyklistikou, a velmi p\u016fsobiv\u00e9 je to v\u017edy, kdy\u017e se chata nach\u00e1z\u00ed ve vy\u0161\u0161\u00edch nadmo\u0159sk\u00fdch v\u00fd\u0161k\u00e1ch s kr\u00e1sn\u00fdm v\u00fdhledem do \u00fadol\u00ed, nap\u0159\u00edklad ve Velk\u00e9 \u00dap\u011b na Port\u00e1\u0161k\u00e1ch nebo na P\u011bnkav\u010d\u00edm vrchu.Ob\u010derstven\u00ed \u2013 pro cateringovou firmu nen\u00ed probl\u00e9m nachystat dle domluvy p\u0159esn\u00fd sortiment a mno\u017estv\u00ed ob\u010derstven\u00ed pro va\u0161e hosty, i kdyby to bylo t\u0159eba na pronajat\u00e9 rozhledn\u011b na Kl\u00ednovci. Zajistit catering pro soukrom\u00e9 akce je pro cateringov\u00e9 firmy b\u011b\u017enou rutinou a nemus\u00edte m\u00edt pak tedy obavy o to, zda va\u0161i host\u00e9 budou m\u00edt co pokl\u00e1dat na tal\u00ed\u0159ek a \u010d\u00edm j\u00eddlo zap\u00edjet. Pouze doporu\u010dujeme objedn\u00e1vat ob\u010derstven\u00ed v p\u0159edstihu, nejl\u00e9pe n\u011bkolika t\u00fddn\u016f, aby bylo mo\u017eno v\u0161e zajistit v po\u017eadovan\u00e9m term\u00ednu a ve vynikaj\u00edc\u00ed kvalit\u011b.                                                                                                                                                                                                                                                                                                                                                                                          4.4\/5 - (7 votes)        "},{"@context":"https:\/\/schema.org\/","@type":"BreadcrumbList","itemListElement":[{"@type":"ListItem","position":1,"name":"Cateringov\u00e1 firma v\u00e1m poslou\u017e\u00ed i p\u0159i soukrom\u00e9 oslav\u011b v p\u0159\u00edrod\u011b","item":"https:\/\/www.tvdv.cz\/cateringova-firma-vam-poslouzi-i-pri-soukrome-oslave-v-prirode\/#breadcrumbitem"}]}]